{"id":6712,"date":"2024-10-24T09:42:35","date_gmt":"2024-10-24T07:42:35","guid":{"rendered":"https:\/\/silmisa.com\/non-classifiee\/silmisa-celebre-la-journee-de-lhabitat\/"},"modified":"2025-11-18T17:05:10","modified_gmt":"2025-11-18T16:05:10","slug":"silmisa-celebre-la-journee-de-lhabitat","status":"publish","type":"post","link":"https:\/\/silmisa.com\/fr\/evenements\/silmisa-celebre-la-journee-de-lhabitat\/","title":{"rendered":"Silmisa c\u00e9l\u00e8bre la Journ\u00e9e de l&#8217;Habitat"},"content":{"rendered":"\t\t<div data-elementor-type=\"wp-post\" data-elementor-id=\"6712\" class=\"elementor elementor-6712 elementor-6638\" data-elementor-post-type=\"post\">\n\t\t\t\t<div class=\"elementor-element elementor-element-cbfbd68 e-flex e-con-boxed e-con e-parent\" data-id=\"cbfbd68\" data-element_type=\"container\" data-e-type=\"container\">\n\t\t\t\t\t<div class=\"e-con-inner\">\n\t\t\t\t<div class=\"elementor-element elementor-element-50fabcf elementor-widget elementor-widget-heading\" data-id=\"50fabcf\" data-element_type=\"widget\" data-e-type=\"widget\" data-widget_type=\"heading.default\">\n\t\t\t\t<div class=\"elementor-widget-container\">\n\t\t\t\t\t<h1 class=\"elementor-heading-title elementor-size-default\">Silmisa c\u00e9l\u00e8bre la Journ\u00e9e de l'Habitat<\/h1>\t\t\t\t<\/div>\n\t\t\t\t<\/div>\n\t\t\t\t\t<\/div>\n\t\t\t\t<\/div>\n\t\t<div class=\"elementor-element elementor-element-0b89a57 e-flex e-con-boxed e-con e-parent\" data-id=\"0b89a57\" data-element_type=\"container\" data-e-type=\"container\">\n\t\t\t\t\t<div class=\"e-con-inner\">\n\t\t\t\t<div class=\"elementor-element elementor-element-da4d2d4 elementor-widget elementor-widget-text-editor\" data-id=\"da4d2d4\" data-element_type=\"widget\" data-e-type=\"widget\" data-widget_type=\"text-editor.default\">\n\t\t\t\t<div class=\"elementor-widget-container\">\n\t\t\t\t\t\t\t\t\t<p>Aujourd&#8217;hui, <strong>7 octobre<\/strong>, chez <strong>Silmisa<\/strong>, nous c\u00e9l\u00e9brons la <strong><a href=\"https:\/\/www.un.org\/es\/observances\/habitat-day\" target=\"_blank\" rel=\"noreferrer noopener\">Journ\u00e9e mondiale de l&#8217;habitat<\/a><\/strong>, une date proclam\u00e9e par l&#8217;ONU dans le but de r\u00e9fl\u00e9chir \u00e0 l&#8217;\u00e9tat de nos villes et au d\u00e9fi de les rendre plus durables, inclusives et r\u00e9silientes. Cette journ\u00e9e nous rappelle la responsabilit\u00e9 partag\u00e9e que nous avons, en tant que soci\u00e9t\u00e9, entreprises et individus, de prot\u00e9ger et d&#8217;am\u00e9liorer le lieu o\u00f9 nous vivons. <\/p>\t\t\t\t\t\t\t\t<\/div>\n\t\t\t\t<\/div>\n\t\t\t\t\t<\/div>\n\t\t\t\t<\/div>\n\t\t<div class=\"elementor-element elementor-element-fd1a4df e-flex e-con-boxed e-con e-parent\" data-id=\"fd1a4df\" data-element_type=\"container\" data-e-type=\"container\">\n\t\t\t\t\t<div class=\"e-con-inner\">\n\t\t\t\t<div class=\"elementor-element elementor-element-201ffa0 elementor-widget elementor-widget-text-editor\" data-id=\"201ffa0\" data-element_type=\"widget\" data-e-type=\"widget\" data-widget_type=\"text-editor.default\">\n\t\t\t\t<div class=\"elementor-widget-container\">\n\t\t\t\t\t\t\t\t\t<p>Chez <strong>Silmisa<\/strong>, nous nous sentons profond\u00e9ment li\u00e9s \u00e0 cette mission mondiale. En tant que <strong><a href=\"https:\/\/silmisa.com\/fr\/machinerie\/\">fabricants de machines de recyclage<\/a><\/strong>, nous comprenons que notre travail va bien au-del\u00e0 de la simple fourniture d&#8217;\u00e9quipements industriels : nous travaillons pour apporter des solutions qui transforment les d\u00e9chets en opportunit\u00e9s et qui contribuent \u00e0 cr\u00e9er une plan\u00e8te plus propre, plus efficace et plus habitable pour les g\u00e9n\u00e9rations futures.  <\/p>\t\t\t\t\t\t\t\t<\/div>\n\t\t\t\t<\/div>\n\t\t\t\t\t<\/div>\n\t\t\t\t<\/div>\n\t\t<div class=\"elementor-element elementor-element-8a43a81 e-flex e-con-boxed e-con e-parent\" data-id=\"8a43a81\" data-element_type=\"container\" data-e-type=\"container\">\n\t\t\t\t\t<div class=\"e-con-inner\">\n\t\t\t\t<div class=\"elementor-element elementor-element-136bcbf elementor-widget elementor-widget-text-editor\" data-id=\"136bcbf\" data-element_type=\"widget\" data-e-type=\"widget\" data-widget_type=\"text-editor.default\">\n\t\t\t\t<div class=\"elementor-widget-container\">\n\t\t\t\t\t\t\t\t\t<p><strong>L&#8217;innovation technologique<\/strong> est un pilier fondamental de notre philosophie. Nous savons que pour garantir une gestion ad\u00e9quate des ressources naturelles, il est n\u00e9cessaire de fournir des outils qui permettent de minimiser les d\u00e9chets industriels et d&#8217;optimiser les processus de recyclage. Parmi notre gamme de machines, vous trouverez des <strong>pr\u00e9-broyeurs, des broyeurs, des granulateurs, des d\u00e9chiqueteuses, des p\u00e9riph\u00e9riques et des lignes compl\u00e8tes de recyclage<\/strong>. Tous les \u00e9quipements ont \u00e9t\u00e9 con\u00e7us pour maximiser l&#8217;utilisation des mat\u00e9riaux, en transformant les d\u00e9chets en ressources pr\u00e9cieuses qui peuvent \u00eatre r\u00e9int\u00e9gr\u00e9es dans la chaine de production. Cette approche contribue directement \u00e0 l&#8217;\u00e9conomie circulaire dans laquelle rien n&#8217;est gaspill\u00e9 et tout a une seconde vie.     <\/p>\t\t\t\t\t\t\t\t<\/div>\n\t\t\t\t<\/div>\n\t\t\t\t\t<\/div>\n\t\t\t\t<\/div>\n\t\t<div class=\"elementor-element elementor-element-fa83d11 e-flex e-con-boxed e-con e-parent\" data-id=\"fa83d11\" data-element_type=\"container\" data-e-type=\"container\">\n\t\t\t\t\t<div class=\"e-con-inner\">\n\t\t\t\t<div class=\"elementor-element elementor-element-64fc794 elementor-widget elementor-widget-heading\" data-id=\"64fc794\" data-element_type=\"widget\" data-e-type=\"widget\" data-widget_type=\"heading.default\">\n\t\t\t\t<div class=\"elementor-widget-container\">\n\t\t\t\t\t<h2 class=\"elementor-heading-title elementor-size-default\">Parcours et engagement en faveur du d\u00e9veloppement durable | Journ\u00e9e mondiale de l'habitat<\/h2>\t\t\t\t<\/div>\n\t\t\t\t<\/div>\n\t\t\t\t\t<\/div>\n\t\t\t\t<\/div>\n\t\t<div class=\"elementor-element elementor-element-28abd0c e-flex e-con-boxed e-con e-parent\" data-id=\"28abd0c\" data-element_type=\"container\" data-e-type=\"container\">\n\t\t\t\t\t<div class=\"e-con-inner\">\n\t\t\t\t<div class=\"elementor-element elementor-element-4d815bf elementor-widget elementor-widget-text-editor\" data-id=\"4d815bf\" data-element_type=\"widget\" data-e-type=\"widget\" data-widget_type=\"text-editor.default\">\n\t\t\t\t<div class=\"elementor-widget-container\">\n\t\t\t\t\t\t\t\t\t<p>Avec plus de <strong>35 ans d&#8217;exp\u00e9rience<\/strong> et une pr\u00e9sence dans plus de <strong>25 pays<\/strong>, nous avons eu le privil\u00e8ge d&#8217;accompagner des entreprises de nombreux secteurs dans leur transition vers des mod\u00e8les de production plus responsables. Cette exp\u00e9rience nous a permis de consolider une vision claire: <strong>productivit\u00e9 et durabilit\u00e9 doivent aller de pair<\/strong>.  <\/p>\t\t\t\t\t\t\t\t<\/div>\n\t\t\t\t<\/div>\n\t\t\t\t\t<\/div>\n\t\t\t\t<\/div>\n\t\t<div class=\"elementor-element elementor-element-50fdd70 e-flex e-con-boxed e-con e-parent\" data-id=\"50fdd70\" data-element_type=\"container\" data-e-type=\"container\">\n\t\t\t\t\t<div class=\"e-con-inner\">\n\t\t\t\t<div class=\"elementor-element elementor-element-894990e elementor-widget elementor-widget-text-editor\" data-id=\"894990e\" data-element_type=\"widget\" data-e-type=\"widget\" data-widget_type=\"text-editor.default\">\n\t\t\t\t<div class=\"elementor-widget-container\">\n\t\t\t\t\t\t\t\t\t<p>C\u00e9l\u00e9brer la Journ\u00e9e mondiale de l&#8217;habitat, c&#8217;est mettre en avant l&#8217;importance de la collaboration, car aucune entreprise, institution ou personne ne peut \u00e0 elle seule r\u00e9aliser la transformation dont notre plan\u00e8te a besoin. C&#8217;est pourquoi, chez Silmisa Maquinaria, nous sommes fiers d&#8217;apporter notre contribution avec des technologies qui aident \u00e0 construire un avenir plus durable.  <\/p>\t\t\t\t\t\t\t\t<\/div>\n\t\t\t\t<\/div>\n\t\t\t\t\t<\/div>\n\t\t\t\t<\/div>\n\t\t<div class=\"elementor-element elementor-element-91f0876 e-flex e-con-boxed e-con e-parent\" data-id=\"91f0876\" data-element_type=\"container\" data-e-type=\"container\">\n\t\t\t\t\t<div class=\"e-con-inner\">\n\t\t\t\t<div class=\"elementor-element elementor-element-a560334 elementor-widget elementor-widget-text-editor\" data-id=\"a560334\" data-element_type=\"widget\" data-e-type=\"widget\" data-widget_type=\"text-editor.default\">\n\t\t\t\t<div class=\"elementor-widget-container\">\n\t\t\t\t\t\t\t\t\t<p>Aujourd&#8217;hui, nous souhaitons inviter tous nos clients, collaborateurs et la soci\u00e9t\u00e9 en g\u00e9n\u00e9ral \u00e0 r\u00e9fl\u00e9chir \u00e0 l&#8217;impact que nous avons sur notre environnement. <strong>Prendre soin de notre habitat, c&#8217;est prendre soin de notre avenir<\/strong>. Chez Silmisa, nous continuerons \u00e0 travailler et \u00e0 innover avec le m\u00eame engagement, afin de continuer \u00e0 faire la diff\u00e9rence.  <\/p>\t\t\t\t\t\t\t\t<\/div>\n\t\t\t\t<\/div>\n\t\t\t\t\t<\/div>\n\t\t\t\t<\/div>\n\t\t<div class=\"elementor-element elementor-element-53fa00c e-flex e-con-boxed e-con e-parent\" data-id=\"53fa00c\" data-element_type=\"container\" data-e-type=\"container\">\n\t\t\t\t\t<div class=\"e-con-inner\">\n\t\t\t\t<div class=\"elementor-element elementor-element-93f9c43 elementor-widget elementor-widget-text-editor\" data-id=\"93f9c43\" data-element_type=\"widget\" data-e-type=\"widget\" data-widget_type=\"text-editor.default\">\n\t\t\t\t<div class=\"elementor-widget-container\">\n\t\t\t\t\t\t\t\t\t<p><strong>Faisons de la Journ\u00e9e mondiale de l&#8217;habitat une source d&#8217;inspiration pour agir chaque jour!<\/strong><\/p>\t\t\t\t\t\t\t\t<\/div>\n\t\t\t\t<\/div>\n\t\t\t\t\t<\/div>\n\t\t\t\t<\/div>\n\t\t<div class=\"elementor-element elementor-element-31c2ccf e-flex e-con-boxed e-con e-parent\" data-id=\"31c2ccf\" data-element_type=\"container\" data-e-type=\"container\">\n\t\t\t\t\t<div class=\"e-con-inner\">\n\t\t\t\t<div class=\"elementor-element elementor-element-ea1aa9b elementor-widget elementor-widget-image\" data-id=\"ea1aa9b\" data-element_type=\"widget\" data-e-type=\"widget\" data-widget_type=\"image.default\">\n\t\t\t\t<div class=\"elementor-widget-container\">\n\t\t\t\t\t\t\t\t\t\t\t\t\t\t\t<img fetchpriority=\"high\" decoding=\"async\" width=\"800\" height=\"800\" src=\"https:\/\/silmisa.com\/wp-content\/uploads\/2025\/11\/Dia-mundial-del-habitat-1024x1024.webp\" class=\"attachment-large size-large wp-image-17592\" alt=\"dia mundial del habitat\" srcset=\"https:\/\/silmisa.com\/wp-content\/uploads\/2025\/11\/Dia-mundial-del-habitat-1024x1024.webp 1024w, https:\/\/silmisa.com\/wp-content\/uploads\/2025\/11\/Dia-mundial-del-habitat-300x300.webp 300w, https:\/\/silmisa.com\/wp-content\/uploads\/2025\/11\/Dia-mundial-del-habitat-150x150.webp 150w, https:\/\/silmisa.com\/wp-content\/uploads\/2025\/11\/Dia-mundial-del-habitat-768x768.webp 768w, https:\/\/silmisa.com\/wp-content\/uploads\/2025\/11\/Dia-mundial-del-habitat.webp 1200w\" sizes=\"(max-width: 800px) 100vw, 800px\" \/>\t\t\t\t\t\t\t\t\t\t\t\t\t\t\t<\/div>\n\t\t\t\t<\/div>\n\t\t\t\t\t<\/div>\n\t\t\t\t<\/div>\n\t\t\t\t<\/div>\n\t\t","protected":false},"excerpt":{"rendered":"<p>Silmisa c\u00e9l\u00e8bre la Journ\u00e9e de l&#8217;Habitat Aujourd&#8217;hui, 7 octobre, chez Silmisa, nous c\u00e9l\u00e9brons la Journ\u00e9e mondiale de l&#8217;habitat, une date proclam\u00e9e par l&#8217;ONU dans le but de r\u00e9fl\u00e9chir \u00e0 l&#8217;\u00e9tat de nos villes et au d\u00e9fi de les rendre plus durables, inclusives et r\u00e9silientes. Cette journ\u00e9e nous rappelle la responsabilit\u00e9 partag\u00e9e que nous avons, en [&hellip;]<\/p>\n","protected":false},"author":3,"featured_media":6646,"comment_status":"closed","ping_status":"closed","sticky":false,"template":"","format":"standard","meta":{"_joinchat":[],"footnotes":""},"categories":[259,355],"tags":[],"class_list":["post-6712","post","type-post","status-publish","format-standard","has-post-thumbnail","hentry","category-evenements","category-lactualite-du-recyclage"],"_links":{"self":[{"href":"https:\/\/silmisa.com\/fr\/wp-json\/wp\/v2\/posts\/6712","targetHints":{"allow":["GET"]}}],"collection":[{"href":"https:\/\/silmisa.com\/fr\/wp-json\/wp\/v2\/posts"}],"about":[{"href":"https:\/\/silmisa.com\/fr\/wp-json\/wp\/v2\/types\/post"}],"author":[{"embeddable":true,"href":"https:\/\/silmisa.com\/fr\/wp-json\/wp\/v2\/users\/3"}],"replies":[{"embeddable":true,"href":"https:\/\/silmisa.com\/fr\/wp-json\/wp\/v2\/comments?post=6712"}],"version-history":[{"count":3,"href":"https:\/\/silmisa.com\/fr\/wp-json\/wp\/v2\/posts\/6712\/revisions"}],"predecessor-version":[{"id":17599,"href":"https:\/\/silmisa.com\/fr\/wp-json\/wp\/v2\/posts\/6712\/revisions\/17599"}],"wp:featuredmedia":[{"embeddable":true,"href":"https:\/\/silmisa.com\/fr\/wp-json\/wp\/v2\/media\/6646"}],"wp:attachment":[{"href":"https:\/\/silmisa.com\/fr\/wp-json\/wp\/v2\/media?parent=6712"}],"wp:term":[{"taxonomy":"category","embeddable":true,"href":"https:\/\/silmisa.com\/fr\/wp-json\/wp\/v2\/categories?post=6712"},{"taxonomy":"post_tag","embeddable":true,"href":"https:\/\/silmisa.com\/fr\/wp-json\/wp\/v2\/tags?post=6712"}],"curies":[{"name":"wp","href":"https:\/\/api.w.org\/{rel}","templated":true}]}}